{"id":15735,"date":"2026-01-01T00:00:00","date_gmt":"2026-01-01T03:00:00","guid":{"rendered":"https:\/\/anacecilia.digital\/en\/?p=15735"},"modified":"2026-01-01T09:41:50","modified_gmt":"2026-01-01T12:41:50","slug":"memories-of-an-old-library-for-a-new-year-4th-anniversary-of-the-blog","status":"publish","type":"post","link":"https:\/\/anacecilia.digital\/en\/memories-of-an-old-library-for-a-new-year-4th-anniversary-of-the-blog\/","title":{"rendered":"Memories of an Old Library for a New Year: 4th Anniversary of the Blog"},"content":{"rendered":"\n<div style=\"height:30px\" aria-hidden=\"true\" class=\"wp-block-spacer\"><\/div>\n\n\n\n<p>My childhood home library had two rooms. The first housed several bookshelves crammed with books, a sofa, a large table for four, a chalkboard for studying, and a bathroom.<\/p>\n\n\n\n<p>The second room was my father\u2019s office, but we could all use it freely. Dark wood bookshelves and cabinets, also full of books, a large brown leather armchair for reading, a table flanked by photographs of philosophers, and a collection of vinyl records.<\/p>\n\n\n\n<p>(Let\u2019s provide some context for those who stumbled upon this blog\u2026 this writer here was born in the late 1970s!)<\/p>\n\n\n\n<p>The selection in my childhood library was magnificent. Many books on philosophy, literature, theology, encyclopedias, art, and the great classics that should never be missing from a proper library were there.<\/p>\n\n\n\n<p>Today, I have an infinitely better and larger portable library, just a click away, on my e-reader. I bought a lovely little bag to keep it in my backpack, which says: \u201c<em>Books Books Books \u2013 So many books, not enough time<\/em>\u201d.<\/p>\n\n\n\n<h2 class=\"wp-block-heading\">Digital Books or Paper Books?<\/h2>\n\n\n\n<p>Although I prefer reading books on an e-reader for its numerous conveniences, I must acknowledge that my parents and our traditional library from the last millennium contributed significantly to my immense love of books.<\/p>\n\n\n\n<p>First, because my parents were always reading, and they say that children don\u2019t listen to adults\u2019 advice because they are too busy watching what they do. I couldn\u2019t agree more.<\/p>\n\n\n\n<p>Second, because I ended up creating \u201ctraditions\u201d in which I read the same books at roughly the same age or stage in life as they did. Now we pass the \u201ctradition\u201d on to our children, who are already book lovers and voracious readers.<\/p>\n\n\n\n<p>Third reason, because that library \u2013 the largest and most pleasant space in the house, in my opinion \u2013 was a true testament to the authentic role of books in our lives. And I\u2019ll explain what I mean by that in more detail.<\/p>\n\n\n\n<h2 class=\"wp-block-heading\">Library as a Status Symbol or a Secret Reading Retreat?<\/h2>\n\n\n\n<p>Contrary to what my description might suggest, the library of my childhood was a simple place with austere furniture. A private, family-friendly environment. And it wasn\u2019t even inside the house where we lived, but in a two-story shed at the back of the yard, above our playroom and the utility area.<\/p>\n\n\n\n<p>Behind the jaboticaba tree \u2013 a tropical, delicious fruit (photo below) \u2013 hid a narrow, musty entrance to a timid little red-treaded staircase. And at the bottom of this staircase lay the secret corner of the books.<\/p>\n\n\n\n<div style=\"height:20px\" aria-hidden=\"true\" class=\"wp-block-spacer\"><\/div>\n\n\n\n<figure class=\"wp-block-image size-full\"><img loading=\"lazy\" decoding=\"async\" width=\"800\" height=\"519\" src=\"https:\/\/anacecilia.digital\/en\/wp-content\/uploads\/2025\/12\/jabuticaba-jabuticabeira-brazilian-fruit.webp\" alt=\"\" class=\"wp-image-15764\" srcset=\"https:\/\/anacecilia.digital\/en\/wp-content\/uploads\/2025\/12\/jabuticaba-jabuticabeira-brazilian-fruit.webp 800w, https:\/\/anacecilia.digital\/en\/wp-content\/uploads\/2025\/12\/jabuticaba-jabuticabeira-brazilian-fruit-300x195.webp 300w, https:\/\/anacecilia.digital\/en\/wp-content\/uploads\/2025\/12\/jabuticaba-jabuticabeira-brazilian-fruit-600x389.webp 600w\" sizes=\"auto, (max-width: 800px) 100vw, 800px\" \/><\/figure>\n\n\n\n<div style=\"height:40px\" aria-hidden=\"true\" class=\"wp-block-spacer\"><\/div>\n\n\n\n<p>Despite the excellent number of volumes \u2013 thousands indeed \u2013 the library didn\u2019t exist to be flaunted as a status symbol or sophisticated decoration. It was an everyday library, simply to be\u2026 read!<\/p>\n\n\n\n<p>A place where we, children of the house, discover the world in the pages of books and play freely, without frivolous rules or fear of breaking or damaging anything. Except for vinyl records, of course, which we had to be very careful with.<\/p>\n\n\n\n<p>I loved that library! To me, it was a magical place, with its low ceilings, its charming earth-coloured brick, and its mysterious cabinets. It seemed that if one day I pulled out the right book, some secret door would open.<\/p>\n\n\n\n<p>I spent hours of my childhood there reading, praying, playing, and writing in my numerous diaries with my fountain pen.<\/p>\n\n\n\n<p>Nothing against well-appointed libraries and aesthetically pleasing books. After the digital book, I practically only buy a physical book for myself if it\u2019s not available as an e-book. Or if the book is, in itself, a special object of art.<\/p>\n\n\n\n<p>But the familiarity, informality, and freedom I had in my childhood library certainly contributed to the message of a genuine love for those books being passed on to me.<\/p>\n\n\n\n<p><em>Libert\u00e9, informalit\u00e9, fraternit\u00e9<\/em><\/p>\n\n\n\n<h2 class=\"wp-block-heading\">Reflective Readings in My Youth<\/h2>\n\n\n\n<p>In college, my interest in reflective readings deepened. The field of Cultural Heritage is very philosophical. I participated in fascinating heritage projects during my undergraduate and graduate studies.<\/p>\n\n\n\n<p>I read many philosophers, sociologists, anthropologists, and theorists in the cultural field when I was an architecture and urban planning student. And later, also during my doctoral studies in art and image technology at the School of Fine Arts.<\/p>\n\n\n\n<p>In fact, the first courses I taught as a leading professor at <a href=\"https:\/\/anacecilia.digital\/en\/federal-university-of-minas-gerais-ufmg\/\">UFMG<\/a>, my university, were on history and theory, not management or technology. They were called \u201c<em>Architecture and Brazilian Culture<\/em>\u201d and \u201c<em>Cultural Travels<\/em>.\u201d I taught the latter course in Diamantina \u2013 a small baroque village in the interior of my state, Minas Gerais, which is a UNESCO World Heritage Site.<\/p>\n\n\n\n<p>We stayed in the university\u2019s facilities, <em>Casa* da Gl\u00f3ria<\/em> (House of Glory, photo below): myself, the students, and my invited professor, a specialist in local architecture.<\/p>\n\n\n\n<p>I would love to repeat the experience in the future, organising a seminar on productivity and quality of life there during the Winter Festival (July and August), which takes place in Diamantina.<\/p>\n\n\n\n<p>The House of Glory is an incredible 18th-century building with a unique elevated passageway. In past centuries, it hosted some of the notorious <a href=\"https:\/\/anacecilia.digital\/en\/wp-content\/uploads\/2025\/11\/Travelling-through-Nature-on-Cultural-Prints-Ana-Cecilia-Lecture.pdf\">ancient travellers<\/a> who passed through there, such as Saint Hilaire, John Mawe, Ludwig von Eschwege, Spix, and Martius.<\/p>\n\n\n\n<p>I\u2019m reading a book about Spix and Martius right now! An imaginative return to the bookshelves of my youth, when I first discovered the travel diaries of these Bavarian scientists. Of course, in my parents\u2019 library. It was an incredible thrill to stay there at the House of Glory, where they also dwelled!<\/p>\n\n\n\n<div style=\"height:20px\" aria-hidden=\"true\" class=\"wp-block-spacer\"><\/div>\n\n\n\n<figure class=\"wp-block-image size-full\"><img loading=\"lazy\" decoding=\"async\" width=\"800\" height=\"531\" src=\"https:\/\/anacecilia.digital\/en\/wp-content\/uploads\/2025\/12\/casa-da-gloria-ufmg-diamantina-mg-brazil.webp\" alt=\"\" class=\"wp-image-15765\" srcset=\"https:\/\/anacecilia.digital\/en\/wp-content\/uploads\/2025\/12\/casa-da-gloria-ufmg-diamantina-mg-brazil.webp 800w, https:\/\/anacecilia.digital\/en\/wp-content\/uploads\/2025\/12\/casa-da-gloria-ufmg-diamantina-mg-brazil-300x199.webp 300w, https:\/\/anacecilia.digital\/en\/wp-content\/uploads\/2025\/12\/casa-da-gloria-ufmg-diamantina-mg-brazil-600x398.webp 600w\" sizes=\"auto, (max-width: 800px) 100vw, 800px\" \/><\/figure>\n\n\n\n<div style=\"height:40px\" aria-hidden=\"true\" class=\"wp-block-spacer\"><\/div>\n\n\n\n<h2 class=\"wp-block-heading\">A Return to My \u201cPhilosophical Origins\u201d<\/h2>\n\n\n\n<p>I share these memories with you because this year, which is now ending, was indeed a special time to rediscover many of the authors who were excellent companions to me in my youth. <a href=\"https:\/\/anacecilia.digital\/en\/paulo-freire-the-brazilian-philosopher-and-educator-studied-by-oxford-and-harvard\/\">Paulo Freire<\/a>, Domenico de Masi, Bertrand Russell, Pierre Bourdieu, Habermas, and so on. Taking this leap into past readings did me a lot of good.<\/p>\n\n\n\n<p>While these authors expose the cruelties of capitalism and colonialism \u2013 reasons why the productivity world is so toxic, by the way \u2013 they seek to keep the flame of hope alive. I confess that this breath of hope arrived at a good time; my flame was faltering.<\/p>\n\n\n\n<p>And we arrive at my main point here today with these memories, on the fourth anniversary of this blog in English.<\/p>\n\n\n\n<p>The blog got a new title: <strong>Tropical Productivity<\/strong>. I talked more about this in the <a href=\"https:\/\/anacecilia.digital\/en\/3rd-anniversary-of-this-platform-year-in-review-and-blog-news\/\" target=\"_blank\" rel=\"noreferrer noopener\">3rd anniversary post.<\/a> And the concept remains alive; I love productivity and will continue to write about this subject, however, with a more philosophical and sociological focus. So, for this last year, the title became Tropical Philosophy.<\/p>\n\n\n\n<p>I want to increasingly return to my philosophical origins and readings, to the (admittedly utopian) values \u200b\u200band (admittedly leisurely) priorities of my youth. To the idle, uncommitted times of summer afternoons, when I spent more hours reading about creative leisure and the diaries of ancient travellers than about how to optimise my work or my digital life. After all, there was much less digital to optimise. Lucky young Ana!<\/p>\n\n\n\n<p>Nevertheless, even today, we can choose to turn off our cell phones and open a book. Watch intelligent documentaries instead of YouTube or podcasts. And in bookstores (physical or virtual), visit the sociology, history, and philosophy sections rather than the administration, productivity, and self-help sections.<\/p>\n\n\n\n<p>It\u2019s an excellent resolution for the new year, by the way! Speaking of which\u2026<\/p>\n\n\n\n<h2 class=\"wp-block-heading\">English Blog Anniversary and Plans for the New Year<\/h2>\n\n\n\n<p>This reunion with my \u201cphilosophical memories\u201d is yielding good drafts of texts on productivity and quality of life, with a tropical flavour. Unfortunately, for reasons I can\u2019t explain right now, I\u2019ll have to wait a year or two before I publish them for you. But they will come, please wait.<\/p>\n\n\n\n<p>Meanwhile, my <a href=\"https:\/\/anacecilia.digital\/en\/tag\/newsletter\/\">Newsletter<\/a> is finally launched, with early content available only to subscribers. If you like the blog, <a href=\"https:\/\/anacecilia.digital\/en\/newsletter\/\">please subscribe to the Newsletter here<\/a>!<\/p>\n\n\n\n<p>And this year, I want to launch the <strong>Webmuseum<\/strong>, my collection of cultural photographs and their behind-the-scenes stories, a new section of the platform already promised here. Let\u2019s hope I can start it soon.<\/p>\n\n\n\n<p>The blog part has been ready for quite some time, actually. The professional cataloguing of these photos is what\u2019s proving more challenging, as organising this complex collection is part of my university extension project.<\/p>\n\n\n\n<p>Anyway, many topics for this new year. Some new, others nostalgic. May the <strong>next four years<\/strong> bring excellent stories about healthy productivity, tropical philosophy, and Brazilian culture. And may you continue to grant me the privilege and joy of your visits, because I love writing this blog for you.<\/p>\n\n\n\n<p>Thank you for your company, dear readers. Happy New Year!<\/p>\n\n\n\n<div style=\"height:20px\" aria-hidden=\"true\" class=\"wp-block-spacer\"><\/div>\n\n\n\n<figure class=\"wp-block-image size-full\"><img loading=\"lazy\" decoding=\"async\" width=\"800\" height=\"533\" src=\"https:\/\/anacecilia.digital\/en\/wp-content\/uploads\/2025\/12\/tropical-philosophy-happy-2026.webp\" alt=\"\" class=\"wp-image-15766\" srcset=\"https:\/\/anacecilia.digital\/en\/wp-content\/uploads\/2025\/12\/tropical-philosophy-happy-2026.webp 800w, https:\/\/anacecilia.digital\/en\/wp-content\/uploads\/2025\/12\/tropical-philosophy-happy-2026-300x200.webp 300w, https:\/\/anacecilia.digital\/en\/wp-content\/uploads\/2025\/12\/tropical-philosophy-happy-2026-600x400.webp 600w\" sizes=\"auto, (max-width: 800px) 100vw, 800px\" \/><\/figure>\n\n\n\n<div style=\"height:20px\" aria-hidden=\"true\" class=\"wp-block-spacer\"><\/div>\n\n\n\n<h2 class=\"wp-block-heading\">Notes<\/h2>\n\n\n\n<p>*The word <em>casa <\/em>in Portuguese can mean \u201chouse\u201d or \u201chome\u201d. We have a word for home (<em>lar<\/em>), but most people use <em>casa <\/em>to refer to the place where they live, regardless of the type of building (house, apartment, shed, etc.). A woman named <em>Gloria <\/em>(Glory) was the wife of the building\u2019s first owner.<\/p>\n\n\n\n<div style=\"height:30px\" aria-hidden=\"true\" class=\"wp-block-spacer\"><\/div>\n\n\n\n<p><strong>Acknowledgements:<\/strong>&nbsp;Thanks to Alberto Nogueira Veiga.<\/p>\n\n\n\n<p><strong>Images:<\/strong>&nbsp;Typewriter (<a href=\"https:\/\/www.pexels.com\/\" target=\"_blank\" rel=\"noreferrer noopener\">Pexels<\/a> with AI assistance for the written text), Jabuticaba Tree (<a href=\"https:\/\/commons.wikimedia.org\/\" target=\"_blank\" rel=\"noreferrer noopener\">Wikipedia<\/a>), House of Glory (Ana Cecilia Rocha Veiga), Swimming Pool (<a href=\"https:\/\/www.pexels.com\/\" target=\"_blank\" rel=\"noreferrer noopener\">Pexels<\/a> and AI assistance for adding a fourth glass of juice).<\/p>\n\n\n\n<p>Please help me improve my English by sending me your suggestions through this&nbsp;<a href=\"https:\/\/anacecilia.digital\/en\/contact\/\" target=\"_blank\" rel=\"noreferrer noopener\">contact form<\/a>. Thanks! &nbsp;<\/p>\n","protected":false},"excerpt":{"rendered":"<p>In this post, I reminisce about the library of my childhood and my philosophical readings from my youth. Also, I outline the blog\u2019s plans for the new year. <\/p>\n","protected":false},"author":2,"featured_media":15763,"comment_status":"closed","ping_status":"closed","sticky":false,"template":"","format":"standard","meta":{"_acf_changed":false,"footnotes":""},"categories":[25,177],"tags":[226,340,210,341,343,342,195],"class_list":["post-15735","post","type-post","status-publish","format-standard","has-post-thumbnail","hentry","category-cultural","category-news","tag-blog","tag-diamantina","tag-early-travellers","tag-library","tag-reading-habits","tag-tropical-phylosophy","tag-tropical-productivity"],"acf":[],"yoast_head":"<!-- This site is optimized with the Yoast SEO plugin v27.5 - https:\/\/yoast.com\/product\/yoast-seo-wordpress\/ -->\n<title>Memories of an Old Library for a New Year: 4th Anniversary of the Blog - Tropical Philosophy<\/title>\n<meta name=\"description\" content=\"In this post, I reminisce about the library of my childhood and my philosophical readings. Also, I outline the blog\u2019s plans for the new year.\" \/>\n<meta name=\"robots\" content=\"index, follow, max-snippet:-1, max-image-preview:large, max-video-preview:-1\" \/>\n<link rel=\"canonical\" href=\"https:\/\/anacecilia.digital\/en\/memories-of-an-old-library-for-a-new-year-4th-anniversary-of-the-blog\/\" \/>\n<meta property=\"og:locale\" content=\"en_GB\" \/>\n<meta property=\"og:type\" content=\"article\" \/>\n<meta property=\"og:title\" content=\"Memories of an Old Library for a New Year: 4th Anniversary of the Blog - Tropical Philosophy\" \/>\n<meta property=\"og:description\" content=\"In this post, I reminisce about the library of my childhood and my philosophical readings. Also, I outline the blog\u2019s plans for the new year.\" \/>\n<meta property=\"og:url\" content=\"https:\/\/anacecilia.digital\/en\/memories-of-an-old-library-for-a-new-year-4th-anniversary-of-the-blog\/\" \/>\n<meta property=\"og:site_name\" content=\"Tropical Philosophy\" \/>\n<meta property=\"article:published_time\" content=\"2026-01-01T03:00:00+00:00\" \/>\n<meta property=\"article:modified_time\" content=\"2026-01-01T12:41:50+00:00\" \/>\n<meta property=\"og:image\" content=\"https:\/\/anacecilia.digital\/en\/wp-content\/uploads\/2025\/12\/tropical-phylosophy-news.webp\" \/>\n\t<meta property=\"og:image:width\" content=\"800\" \/>\n\t<meta property=\"og:image:height\" content=\"533\" \/>\n\t<meta property=\"og:image:type\" content=\"image\/webp\" \/>\n<meta name=\"author\" content=\"Ana Cecilia Rocha Veiga\" \/>\n<meta name=\"twitter:card\" content=\"summary_large_image\" \/>\n<meta name=\"twitter:label1\" content=\"Written by\" \/>\n\t<meta name=\"twitter:data1\" content=\"Ana Cecilia Rocha Veiga\" \/>\n\t<meta name=\"twitter:label2\" content=\"Estimated reading time\" \/>\n\t<meta name=\"twitter:data2\" content=\"8 minutes\" \/>\n<script type=\"application\/ld+json\" class=\"yoast-schema-graph\">{\"@context\":\"https:\\\/\\\/schema.org\",\"@graph\":[{\"@type\":\"Article\",\"@id\":\"https:\\\/\\\/anacecilia.digital\\\/en\\\/memories-of-an-old-library-for-a-new-year-4th-anniversary-of-the-blog\\\/#article\",\"isPartOf\":{\"@id\":\"https:\\\/\\\/anacecilia.digital\\\/en\\\/memories-of-an-old-library-for-a-new-year-4th-anniversary-of-the-blog\\\/\"},\"author\":{\"name\":\"Ana Cecilia Rocha Veiga\",\"@id\":\"https:\\\/\\\/anacecilia.digital\\\/en\\\/#\\\/schema\\\/person\\\/259742b7a62344d06be93e199436eabe\"},\"headline\":\"Memories of an Old Library for a New Year: 4th Anniversary of the Blog\",\"datePublished\":\"2026-01-01T03:00:00+00:00\",\"dateModified\":\"2026-01-01T12:41:50+00:00\",\"mainEntityOfPage\":{\"@id\":\"https:\\\/\\\/anacecilia.digital\\\/en\\\/memories-of-an-old-library-for-a-new-year-4th-anniversary-of-the-blog\\\/\"},\"wordCount\":1567,\"publisher\":{\"@id\":\"https:\\\/\\\/anacecilia.digital\\\/en\\\/#\\\/schema\\\/person\\\/259742b7a62344d06be93e199436eabe\"},\"image\":{\"@id\":\"https:\\\/\\\/anacecilia.digital\\\/en\\\/memories-of-an-old-library-for-a-new-year-4th-anniversary-of-the-blog\\\/#primaryimage\"},\"thumbnailUrl\":\"https:\\\/\\\/anacecilia.digital\\\/en\\\/wp-content\\\/uploads\\\/2025\\\/12\\\/tropical-phylosophy-news.webp\",\"keywords\":[\"Blog\",\"Diamantina\",\"Early Travellers\",\"Library\",\"Reading Habits\",\"Tropical Phylosophy\",\"Tropical Productivity\"],\"articleSection\":[\"Culture\",\"News\"],\"inLanguage\":\"en-GB\"},{\"@type\":\"WebPage\",\"@id\":\"https:\\\/\\\/anacecilia.digital\\\/en\\\/memories-of-an-old-library-for-a-new-year-4th-anniversary-of-the-blog\\\/\",\"url\":\"https:\\\/\\\/anacecilia.digital\\\/en\\\/memories-of-an-old-library-for-a-new-year-4th-anniversary-of-the-blog\\\/\",\"name\":\"Memories of an Old Library for a New Year: 4th Anniversary of the Blog - Tropical Philosophy\",\"isPartOf\":{\"@id\":\"https:\\\/\\\/anacecilia.digital\\\/en\\\/#website\"},\"primaryImageOfPage\":{\"@id\":\"https:\\\/\\\/anacecilia.digital\\\/en\\\/memories-of-an-old-library-for-a-new-year-4th-anniversary-of-the-blog\\\/#primaryimage\"},\"image\":{\"@id\":\"https:\\\/\\\/anacecilia.digital\\\/en\\\/memories-of-an-old-library-for-a-new-year-4th-anniversary-of-the-blog\\\/#primaryimage\"},\"thumbnailUrl\":\"https:\\\/\\\/anacecilia.digital\\\/en\\\/wp-content\\\/uploads\\\/2025\\\/12\\\/tropical-phylosophy-news.webp\",\"datePublished\":\"2026-01-01T03:00:00+00:00\",\"dateModified\":\"2026-01-01T12:41:50+00:00\",\"description\":\"In this post, I reminisce about the library of my childhood and my philosophical readings. Also, I outline the blog\u2019s plans for the new year.\",\"breadcrumb\":{\"@id\":\"https:\\\/\\\/anacecilia.digital\\\/en\\\/memories-of-an-old-library-for-a-new-year-4th-anniversary-of-the-blog\\\/#breadcrumb\"},\"inLanguage\":\"en-GB\",\"potentialAction\":[{\"@type\":\"ReadAction\",\"target\":[\"https:\\\/\\\/anacecilia.digital\\\/en\\\/memories-of-an-old-library-for-a-new-year-4th-anniversary-of-the-blog\\\/\"]}]},{\"@type\":\"ImageObject\",\"inLanguage\":\"en-GB\",\"@id\":\"https:\\\/\\\/anacecilia.digital\\\/en\\\/memories-of-an-old-library-for-a-new-year-4th-anniversary-of-the-blog\\\/#primaryimage\",\"url\":\"https:\\\/\\\/anacecilia.digital\\\/en\\\/wp-content\\\/uploads\\\/2025\\\/12\\\/tropical-phylosophy-news.webp\",\"contentUrl\":\"https:\\\/\\\/anacecilia.digital\\\/en\\\/wp-content\\\/uploads\\\/2025\\\/12\\\/tropical-phylosophy-news.webp\",\"width\":800,\"height\":533,\"caption\":\"Tropical Philosophy written on a paper and a Typewriter\"},{\"@type\":\"BreadcrumbList\",\"@id\":\"https:\\\/\\\/anacecilia.digital\\\/en\\\/memories-of-an-old-library-for-a-new-year-4th-anniversary-of-the-blog\\\/#breadcrumb\",\"itemListElement\":[{\"@type\":\"ListItem\",\"position\":1,\"name\":\"In\u00edcio\",\"item\":\"https:\\\/\\\/anacecilia.digital\\\/en\\\/\"},{\"@type\":\"ListItem\",\"position\":2,\"name\":\"Memories of an Old Library for a New Year: 4th Anniversary of the Blog\"}]},{\"@type\":\"WebSite\",\"@id\":\"https:\\\/\\\/anacecilia.digital\\\/en\\\/#website\",\"url\":\"https:\\\/\\\/anacecilia.digital\\\/en\\\/\",\"name\":\"Tropical Philosophy\",\"description\":\"A Brazilian blog by Ana Cecilia Rocha Veiga\",\"publisher\":{\"@id\":\"https:\\\/\\\/anacecilia.digital\\\/en\\\/#\\\/schema\\\/person\\\/259742b7a62344d06be93e199436eabe\"},\"potentialAction\":[{\"@type\":\"SearchAction\",\"target\":{\"@type\":\"EntryPoint\",\"urlTemplate\":\"https:\\\/\\\/anacecilia.digital\\\/en\\\/?s={search_term_string}\"},\"query-input\":{\"@type\":\"PropertyValueSpecification\",\"valueRequired\":true,\"valueName\":\"search_term_string\"}}],\"inLanguage\":\"en-GB\"},{\"@type\":[\"Person\",\"Organization\"],\"@id\":\"https:\\\/\\\/anacecilia.digital\\\/en\\\/#\\\/schema\\\/person\\\/259742b7a62344d06be93e199436eabe\",\"name\":\"Ana Cecilia Rocha Veiga\",\"image\":{\"@type\":\"ImageObject\",\"inLanguage\":\"en-GB\",\"@id\":\"https:\\\/\\\/anacecilia.digital\\\/en\\\/wp-content\\\/uploads\\\/2021\\\/04\\\/ana-cecilia-rocha-veiga-mmgerdau1.jpg\",\"url\":\"https:\\\/\\\/anacecilia.digital\\\/en\\\/wp-content\\\/uploads\\\/2021\\\/04\\\/ana-cecilia-rocha-veiga-mmgerdau1.jpg\",\"contentUrl\":\"https:\\\/\\\/anacecilia.digital\\\/en\\\/wp-content\\\/uploads\\\/2021\\\/04\\\/ana-cecilia-rocha-veiga-mmgerdau1.jpg\",\"width\":645,\"height\":900,\"caption\":\"Ana Cecilia Rocha Veiga\"},\"logo\":{\"@id\":\"https:\\\/\\\/anacecilia.digital\\\/en\\\/wp-content\\\/uploads\\\/2021\\\/04\\\/ana-cecilia-rocha-veiga-mmgerdau1.jpg\"},\"description\":\"Ana Cecilia is a professor at UFMG University in Brazil. She researches inclusive management and ICT for museums, libraries, and archives. Ana lives in Belo Horizonte with her husband, Alberto, and their two children. She loves reading, drawing, hiking, and travelling.\",\"sameAs\":[\"https:\\\/\\\/anacecilia.digital\\\/en\\\/\"],\"url\":\"https:\\\/\\\/anacecilia.digital\\\/en\\\/author\\\/anaceciliarochaveiga\\\/\"}]}<\/script>\n<!-- \/ Yoast SEO plugin. -->","yoast_head_json":{"title":"Memories of an Old Library for a New Year: 4th Anniversary of the Blog - Tropical Philosophy","description":"In this post, I reminisce about the library of my childhood and my philosophical readings. Also, I outline the blog\u2019s plans for the new year.","robots":{"index":"index","follow":"follow","max-snippet":"max-snippet:-1","max-image-preview":"max-image-preview:large","max-video-preview":"max-video-preview:-1"},"canonical":"https:\/\/anacecilia.digital\/en\/memories-of-an-old-library-for-a-new-year-4th-anniversary-of-the-blog\/","og_locale":"en_GB","og_type":"article","og_title":"Memories of an Old Library for a New Year: 4th Anniversary of the Blog - Tropical Philosophy","og_description":"In this post, I reminisce about the library of my childhood and my philosophical readings. Also, I outline the blog\u2019s plans for the new year.","og_url":"https:\/\/anacecilia.digital\/en\/memories-of-an-old-library-for-a-new-year-4th-anniversary-of-the-blog\/","og_site_name":"Tropical Philosophy","article_published_time":"2026-01-01T03:00:00+00:00","article_modified_time":"2026-01-01T12:41:50+00:00","og_image":[{"width":800,"height":533,"url":"https:\/\/anacecilia.digital\/en\/wp-content\/uploads\/2025\/12\/tropical-phylosophy-news.webp","type":"image\/webp"}],"author":"Ana Cecilia Rocha Veiga","twitter_card":"summary_large_image","twitter_misc":{"Written by":"Ana Cecilia Rocha Veiga","Estimated reading time":"8 minutes"},"schema":{"@context":"https:\/\/schema.org","@graph":[{"@type":"Article","@id":"https:\/\/anacecilia.digital\/en\/memories-of-an-old-library-for-a-new-year-4th-anniversary-of-the-blog\/#article","isPartOf":{"@id":"https:\/\/anacecilia.digital\/en\/memories-of-an-old-library-for-a-new-year-4th-anniversary-of-the-blog\/"},"author":{"name":"Ana Cecilia Rocha Veiga","@id":"https:\/\/anacecilia.digital\/en\/#\/schema\/person\/259742b7a62344d06be93e199436eabe"},"headline":"Memories of an Old Library for a New Year: 4th Anniversary of the Blog","datePublished":"2026-01-01T03:00:00+00:00","dateModified":"2026-01-01T12:41:50+00:00","mainEntityOfPage":{"@id":"https:\/\/anacecilia.digital\/en\/memories-of-an-old-library-for-a-new-year-4th-anniversary-of-the-blog\/"},"wordCount":1567,"publisher":{"@id":"https:\/\/anacecilia.digital\/en\/#\/schema\/person\/259742b7a62344d06be93e199436eabe"},"image":{"@id":"https:\/\/anacecilia.digital\/en\/memories-of-an-old-library-for-a-new-year-4th-anniversary-of-the-blog\/#primaryimage"},"thumbnailUrl":"https:\/\/anacecilia.digital\/en\/wp-content\/uploads\/2025\/12\/tropical-phylosophy-news.webp","keywords":["Blog","Diamantina","Early Travellers","Library","Reading Habits","Tropical Phylosophy","Tropical Productivity"],"articleSection":["Culture","News"],"inLanguage":"en-GB"},{"@type":"WebPage","@id":"https:\/\/anacecilia.digital\/en\/memories-of-an-old-library-for-a-new-year-4th-anniversary-of-the-blog\/","url":"https:\/\/anacecilia.digital\/en\/memories-of-an-old-library-for-a-new-year-4th-anniversary-of-the-blog\/","name":"Memories of an Old Library for a New Year: 4th Anniversary of the Blog - Tropical Philosophy","isPartOf":{"@id":"https:\/\/anacecilia.digital\/en\/#website"},"primaryImageOfPage":{"@id":"https:\/\/anacecilia.digital\/en\/memories-of-an-old-library-for-a-new-year-4th-anniversary-of-the-blog\/#primaryimage"},"image":{"@id":"https:\/\/anacecilia.digital\/en\/memories-of-an-old-library-for-a-new-year-4th-anniversary-of-the-blog\/#primaryimage"},"thumbnailUrl":"https:\/\/anacecilia.digital\/en\/wp-content\/uploads\/2025\/12\/tropical-phylosophy-news.webp","datePublished":"2026-01-01T03:00:00+00:00","dateModified":"2026-01-01T12:41:50+00:00","description":"In this post, I reminisce about the library of my childhood and my philosophical readings. Also, I outline the blog\u2019s plans for the new year.","breadcrumb":{"@id":"https:\/\/anacecilia.digital\/en\/memories-of-an-old-library-for-a-new-year-4th-anniversary-of-the-blog\/#breadcrumb"},"inLanguage":"en-GB","potentialAction":[{"@type":"ReadAction","target":["https:\/\/anacecilia.digital\/en\/memories-of-an-old-library-for-a-new-year-4th-anniversary-of-the-blog\/"]}]},{"@type":"ImageObject","inLanguage":"en-GB","@id":"https:\/\/anacecilia.digital\/en\/memories-of-an-old-library-for-a-new-year-4th-anniversary-of-the-blog\/#primaryimage","url":"https:\/\/anacecilia.digital\/en\/wp-content\/uploads\/2025\/12\/tropical-phylosophy-news.webp","contentUrl":"https:\/\/anacecilia.digital\/en\/wp-content\/uploads\/2025\/12\/tropical-phylosophy-news.webp","width":800,"height":533,"caption":"Tropical Philosophy written on a paper and a Typewriter"},{"@type":"BreadcrumbList","@id":"https:\/\/anacecilia.digital\/en\/memories-of-an-old-library-for-a-new-year-4th-anniversary-of-the-blog\/#breadcrumb","itemListElement":[{"@type":"ListItem","position":1,"name":"In\u00edcio","item":"https:\/\/anacecilia.digital\/en\/"},{"@type":"ListItem","position":2,"name":"Memories of an Old Library for a New Year: 4th Anniversary of the Blog"}]},{"@type":"WebSite","@id":"https:\/\/anacecilia.digital\/en\/#website","url":"https:\/\/anacecilia.digital\/en\/","name":"Tropical Philosophy","description":"A Brazilian blog by Ana Cecilia Rocha Veiga","publisher":{"@id":"https:\/\/anacecilia.digital\/en\/#\/schema\/person\/259742b7a62344d06be93e199436eabe"},"potentialAction":[{"@type":"SearchAction","target":{"@type":"EntryPoint","urlTemplate":"https:\/\/anacecilia.digital\/en\/?s={search_term_string}"},"query-input":{"@type":"PropertyValueSpecification","valueRequired":true,"valueName":"search_term_string"}}],"inLanguage":"en-GB"},{"@type":["Person","Organization"],"@id":"https:\/\/anacecilia.digital\/en\/#\/schema\/person\/259742b7a62344d06be93e199436eabe","name":"Ana Cecilia Rocha Veiga","image":{"@type":"ImageObject","inLanguage":"en-GB","@id":"https:\/\/anacecilia.digital\/en\/wp-content\/uploads\/2021\/04\/ana-cecilia-rocha-veiga-mmgerdau1.jpg","url":"https:\/\/anacecilia.digital\/en\/wp-content\/uploads\/2021\/04\/ana-cecilia-rocha-veiga-mmgerdau1.jpg","contentUrl":"https:\/\/anacecilia.digital\/en\/wp-content\/uploads\/2021\/04\/ana-cecilia-rocha-veiga-mmgerdau1.jpg","width":645,"height":900,"caption":"Ana Cecilia Rocha Veiga"},"logo":{"@id":"https:\/\/anacecilia.digital\/en\/wp-content\/uploads\/2021\/04\/ana-cecilia-rocha-veiga-mmgerdau1.jpg"},"description":"Ana Cecilia is a professor at UFMG University in Brazil. She researches inclusive management and ICT for museums, libraries, and archives. Ana lives in Belo Horizonte with her husband, Alberto, and their two children. She loves reading, drawing, hiking, and travelling.","sameAs":["https:\/\/anacecilia.digital\/en\/"],"url":"https:\/\/anacecilia.digital\/en\/author\/anaceciliarochaveiga\/"}]}},"_links":{"self":[{"href":"https:\/\/anacecilia.digital\/en\/wp-json\/wp\/v2\/posts\/15735","targetHints":{"allow":["GET"]}}],"collection":[{"href":"https:\/\/anacecilia.digital\/en\/wp-json\/wp\/v2\/posts"}],"about":[{"href":"https:\/\/anacecilia.digital\/en\/wp-json\/wp\/v2\/types\/post"}],"author":[{"embeddable":true,"href":"https:\/\/anacecilia.digital\/en\/wp-json\/wp\/v2\/users\/2"}],"replies":[{"embeddable":true,"href":"https:\/\/anacecilia.digital\/en\/wp-json\/wp\/v2\/comments?post=15735"}],"version-history":[{"count":25,"href":"https:\/\/anacecilia.digital\/en\/wp-json\/wp\/v2\/posts\/15735\/revisions"}],"predecessor-version":[{"id":15805,"href":"https:\/\/anacecilia.digital\/en\/wp-json\/wp\/v2\/posts\/15735\/revisions\/15805"}],"wp:featuredmedia":[{"embeddable":true,"href":"https:\/\/anacecilia.digital\/en\/wp-json\/wp\/v2\/media\/15763"}],"wp:attachment":[{"href":"https:\/\/anacecilia.digital\/en\/wp-json\/wp\/v2\/media?parent=15735"}],"wp:term":[{"taxonomy":"category","embeddable":true,"href":"https:\/\/anacecilia.digital\/en\/wp-json\/wp\/v2\/categories?post=15735"},{"taxonomy":"post_tag","embeddable":true,"href":"https:\/\/anacecilia.digital\/en\/wp-json\/wp\/v2\/tags?post=15735"}],"curies":[{"name":"wp","href":"https:\/\/api.w.org\/{rel}","templated":true}]}}